{"id":4556,"date":"2022-11-19T19:30:00","date_gmt":"2022-11-19T19:30:00","guid":{"rendered":"https:\/\/csmbadajoz.es\/?p=4556"},"modified":"2026-03-24T18:34:19","modified_gmt":"2026-03-24T16:34:19","slug":"conciertos-de-la-banda-sinfonica","status":"publish","type":"post","link":"https:\/\/csmbadajoz.es\/?p=4556","title":{"rendered":"Conciertos de la banda sinf\u00f3nica 2022"},"content":{"rendered":"\n<p class=\"wp-block-paragraph\">Los d\u00edas 18 y 19 de noviembre, dentro de la 40\u00aa semana musical de Santa Cecilia, tendr\u00e1n lugar los conciertos con los que la banda sinf\u00f3nica del CSM <em>Bonifacio Gil <\/em>cierra el encuentro del curso 22\/23.<br>La directora murciana Isabel Rubio ser\u00e1 la encargada de dirigir a los alumnos del centro, mientras que Antonio Mart\u00edn (alumno del profesor Alfonso Pineda en la especialidad de clarinete) actuar\u00e1 como solista.<\/p>\n\n\n\n<p class=\"wp-block-paragraph\"><strong>PROGRAMA<\/strong><\/p>\n\n\n\n<p class=\"wp-block-paragraph\"><strong>Alfred Reed<\/strong> (1921-2005) Camino Real<br><strong>Oscar Navarro<\/strong> (1981) Concierto para clarinete n\u00ba. 2<br>Solista: Antorio Mart\u00edn, clarinete<br><strong>David Malanska<\/strong> (1943-2017) Give us this day<br><strong>Jos\u00e9 Alberto Pina<\/strong> (1984) Sajelbon<br><strong>Oscar Navarro<\/strong> (1981) Paconchita<\/p>\n\n\n\n<div class=\"wp-block-file\"><a id=\"wp-block-file--media-ad8cf52b-5f57-4e87-8849-b14f487a6d9e\" href=\"https:\/\/csmbadajoz.es\/wp-content\/uploads\/2022\/11\/Programa-mano-Banda-2022-Superior.pdf\">Programa de mano conciertos banda sinf\u00f3nica (PDF)<\/a><a href=\"https:\/\/csmbadajoz.es\/wp-content\/uploads\/2022\/11\/Programa-mano-Banda-2022-Superior.pdf\" class=\"wp-block-file__button wp-element-button\" download aria-describedby=\"wp-block-file--media-ad8cf52b-5f57-4e87-8849-b14f487a6d9e\">Descarga<\/a><\/div>\n\n\n\n<h3 class=\"wp-block-heading\">Conciertos<\/h3>\n\n\n\n<p class=\"wp-block-paragraph\"><em>Viernes 18 de noviembre a las 20:00<br><\/em><strong>Palacio de Congresos \u00abManuel Rojas\u00bb de Badajoz<\/strong><\/p>\n\n\n\n<p class=\"wp-block-paragraph\"><em>S\u00e1bado 19 de noviembre a las 19:30<br><\/em><strong>Palacio de Congresos de Villanueva de la Serena<\/strong><\/p>\n\n\n\n<p class=\"wp-block-paragraph\">Ambos conciertos tendr\u00e1n entrada libre hasta completar aforo<\/p>\n\n\n\n<div class=\"wp-block-pb-accordion-item c-accordion__item js-accordion-item no-js\" data-initially-open=\"false\" data-click-to-close=\"true\" data-auto-close=\"true\" data-scroll=\"false\" data-scroll-offset=\"0\"><h3 id=\"at-45560\" class=\"c-accordion__title js-accordion-controller\" role=\"button\">Isabel Rubio, directora<\/h3><div id=\"ac-45560\" class=\"c-accordion__content\">\n<p class=\"wp-block-paragraph\">Directora de Orquesta murciana. Es Directora Asociada de la Orquestra Vigo430 y la Joven Orquesta Sinf\u00f3nica de Granada.<\/p>\n\n\n\n<p class=\"wp-block-paragraph\">Ha resultado finalista en el concurso de director asistente de la orquesta Filarm\u00f3nica de Berl\u00edn y de Kirill Petrenko. Ganadora de tres concursos de direcci\u00f3n de orquesta en Espa\u00f1a. Seleccionada en concursos de direcci\u00f3n en Francia, Portugal, Alemania, Holanda e Italia, donde fue semifinalista del Concurso Internacional Guido Cantelli.<\/p>\n\n\n\n<p class=\"wp-block-paragraph\">Fue directora asistente de la Orquesta de Valencia, de Lucas Mac\u00edas en la JONDE y en diferentes producciones oper\u00edsticas.<\/p>\n\n\n\n<p class=\"wp-block-paragraph\">Ha dirigido a las Orquestas: Filarm\u00f3nica de Gran Canaria, Valencia, Sinf\u00f3nica de Murcia, Oviedo Filarmon\u00eda, Menorca, Federal de la Comunidad Valenciana, Joven Orquesta de Castell\u00f3n, Orquesta Sine Tempore y las Bandas profesionales de Madrid, Bilbao, Alicante, Pontevedra, Santiago y Vitoria.<\/p>\n\n\n\n<p class=\"wp-block-paragraph\">Fue miembro de la Brussels Philarmonic Orchestra, la Chapelle Musicale de Tournai en B\u00e9lgica, y de la Orquesta de Murcia. Ha dirigido en el P\u00e4rnu Music Festival en Estonia, la Semana de M\u00fasica Religiosa de Cuenca, el festival de \u00f3rgano de Lugo, los Encuentros de Composici\u00f3n de la Orquesta de Valencia, el Ourearte Music Fest en Portugal, el Concurso de Viol\u00edn CullerArts y el Festival de M\u00fasica de Cine de M\u00e1laga.<\/p>\n\n\n\n<p class=\"wp-block-paragraph\">Pr\u00f3ximamente dirigir\u00e1 la Orquesta de RTVE, Orquesta Sinf\u00f3nica de Bilbao, Sinf\u00f3nica de Castilla y Le\u00f3n, Orquesta del Teatro Real, Orquesta Nacional de Espa\u00f1a y Orquesta de Extremadura.<\/p>\n<\/div><\/div>\n\n\n<div class=\"wp-block-image\">\n<figure class=\"aligncenter size-full is-resized\"><img loading=\"lazy\" decoding=\"async\" width=\"787\" height=\"1050\" src=\"https:\/\/csmbadajoz.es\/wp-content\/uploads\/2022\/11\/Isabel-Rubio-1.jpg\" alt=\"\" class=\"wp-image-4561\" style=\"width:383px;height:510px\" srcset=\"https:\/\/csmbadajoz.es\/wp-content\/uploads\/2022\/11\/Isabel-Rubio-1.jpg 787w, https:\/\/csmbadajoz.es\/wp-content\/uploads\/2022\/11\/Isabel-Rubio-1-225x300.jpg 225w, https:\/\/csmbadajoz.es\/wp-content\/uploads\/2022\/11\/Isabel-Rubio-1-768x1025.jpg 768w\" sizes=\"auto, (max-width: 787px) 100vw, 787px\" \/><\/figure>\n<\/div>\n\n\n<div class=\"wp-block-pb-accordion-item c-accordion__item js-accordion-item no-js\" data-initially-open=\"false\" data-click-to-close=\"true\" data-auto-close=\"true\" data-scroll=\"false\" data-scroll-offset=\"0\"><h3 id=\"at-45561\" class=\"c-accordion__title js-accordion-controller\" role=\"button\">Antonio Mart\u00edn, clarinete<\/h3><div id=\"ac-45561\" class=\"c-accordion__content\">\n<p class=\"wp-block-paragraph\">Antonio Mart\u00edn, natural de Montijo (Badajoz), comenz\u00f3 sus estudios musicales en el a\u00f1o 2009 a la edad de siete a\u00f1os. Realiz\u00f3 el grado profesional en el Conservatorio Profesional de M\u00fasica \u201cLuis Gordillo\u201d de Montijo, tanto en la especialidad de clarinete, con el profesor Agust\u00edn S\u00e1nchez, como en la especialidad de piano, con Juan Jos\u00e9 Drago. Seguidamente, a la edad de diecisiete a\u00f1os, continu\u00f3 sus estudios musicales en el Conservatorio Superior de M\u00fasica \u201cBonifacio Gil\u201d de Badajoz, donde se encuentra actualmente realizando el cuarto y \u00faltimo curso con el profesor Alfonso Pineda.<\/p>\n\n\n\n<p class=\"wp-block-paragraph\">Ha recibido clases de diferentes profesores y solistas de carrera internacional que son una referencia en el \u00e1mbito del clarinete. Asiste regularmente a cursos en Espa\u00f1a y Portugal recibiendo clases de profesores como Tam\u00e1s Massanyi, Nines Gal\u00e1n y Jos\u00e9-Franch Ballester, en Valencia, Arno Pitter y Jos\u00e9 Luis Estell\u00e9s en Barcelona, Pascal Moragu\u00e8s en Lisboa, y Pablo Barrag\u00e1n en Badajoz.<\/p>\n\n\n\n<p class=\"wp-block-paragraph\">Ha participado en numerosas concentraciones de la Banda Federal de Extremadura. Tambi\u00e9n ha pertenecido al proyecto \u201cAfinando\u201d, siendo miembro durante cuatro a\u00f1os de la Orquesta Juvenil de Extremadura. Mencionar su colaboraci\u00f3n en el segundo proyecto \u201c\u00d3pera Joven\u201d de la Diputaci\u00f3n de Badajoz interpretando la \u00f3pera de Xavier Montsalvatge \u201cEl Gato con Botas\u201d, siendo clarinete solista de la orquesta creada para el proyecto, orquesta formada por alumnos del Conservatorio Superior de M\u00fasica \u201cBonifacio Gil\u201d de Badajoz y m\u00fasicos de la orquesta portuguesa \u201cOrquestra sem Fronteiras\u201d.<\/p>\n\n\n\n<p class=\"wp-block-paragraph\">Por \u00faltimo, y no menos importante, cabe destacar el primer premio recibido (ex aequo) en la XVIII edici\u00f3n del concurso J\u00f3venes M\u00fasicos Ciudad de Almendralejo en el a\u00f1o 2019.<\/p>\n<\/div><\/div>\n\n\n<div class=\"wp-block-image\">\n<figure class=\"aligncenter size-full is-resized\"><img loading=\"lazy\" decoding=\"async\" width=\"720\" height=\"894\" src=\"https:\/\/csmbadajoz.es\/wp-content\/uploads\/2022\/11\/Antonio-Martin-Solista-banda.jpg\" alt=\"\" class=\"wp-image-4560\" style=\"width:383px;height:475px\" srcset=\"https:\/\/csmbadajoz.es\/wp-content\/uploads\/2022\/11\/Antonio-Martin-Solista-banda.jpg 720w, https:\/\/csmbadajoz.es\/wp-content\/uploads\/2022\/11\/Antonio-Martin-Solista-banda-242x300.jpg 242w\" sizes=\"auto, (max-width: 720px) 100vw, 720px\" \/><\/figure>\n<\/div>\n\n\n<div class=\"wp-block-pb-accordion-item c-accordion__item js-accordion-item no-js\" data-initially-open=\"false\" data-click-to-close=\"true\" data-auto-close=\"true\" data-scroll=\"false\" data-scroll-offset=\"0\"><h3 id=\"at-45562\" class=\"c-accordion__title js-accordion-controller\" role=\"button\">Programa<\/h3><div id=\"ac-45562\" class=\"c-accordion__content\">\n<p class=\"wp-block-paragraph\"><strong>Alfred Reed<\/strong><br><em>Camino Real<\/em><\/p>\n\n\n\n<p class=\"wp-block-paragraph\"><strong>\u00d3scar Navarro<\/strong><br><em>Concierto II para clarinete y banda<\/em><br>Solista: Antonio Mart\u00edn<\/p>\n\n\n\n<p class=\"wp-block-paragraph\"><strong>David Maslanka<\/strong><br><em>Give us this day<\/em><\/p>\n\n\n\n<p class=\"wp-block-paragraph\"><strong>Jos\u00e9 Alberto Pina<\/strong><br><em>Sajelbon<\/em><\/p>\n\n\n\n<p class=\"wp-block-paragraph\"><strong>\u00d3scar Navarro<\/strong><br><em>Paconchita<\/em><br><strong><br><\/strong><\/p>\n<\/div><\/div>\n","protected":false},"excerpt":{"rendered":"<p>Los d\u00edas 18 y 19 de noviembre, dentro de la 40\u00aa semana musical de Santa Cecilia, tendr\u00e1n lugar los conciertos con los que la banda sinf\u00f3nica del CSM Bonifacio Gil cierra el encuentro del curso 22\/23.La directora murciana Isabel Rubio ser\u00e1 la encargada de dirigir a los alumnos del centro, mientras que Antonio Mart\u00edn (alumno [&hellip;]<\/p>\n","protected":false},"author":3,"featured_media":4595,"comment_status":"closed","ping_status":"closed","sticky":false,"template":"","format":"standard","meta":{"inline_featured_image":false,"footnotes":""},"categories":[6],"tags":[],"class_list":["post-4556","post","type-post","status-publish","format-standard","has-post-thumbnail","hentry","category-audiciones"],"_links":{"self":[{"href":"https:\/\/csmbadajoz.es\/index.php?rest_route=\/wp\/v2\/posts\/4556","targetHints":{"allow":["GET"]}}],"collection":[{"href":"https:\/\/csmbadajoz.es\/index.php?rest_route=\/wp\/v2\/posts"}],"about":[{"href":"https:\/\/csmbadajoz.es\/index.php?rest_route=\/wp\/v2\/types\/post"}],"author":[{"embeddable":true,"href":"https:\/\/csmbadajoz.es\/index.php?rest_route=\/wp\/v2\/users\/3"}],"replies":[{"embeddable":true,"href":"https:\/\/csmbadajoz.es\/index.php?rest_route=%2Fwp%2Fv2%2Fcomments&post=4556"}],"version-history":[{"count":27,"href":"https:\/\/csmbadajoz.es\/index.php?rest_route=\/wp\/v2\/posts\/4556\/revisions"}],"predecessor-version":[{"id":10605,"href":"https:\/\/csmbadajoz.es\/index.php?rest_route=\/wp\/v2\/posts\/4556\/revisions\/10605"}],"wp:featuredmedia":[{"embeddable":true,"href":"https:\/\/csmbadajoz.es\/index.php?rest_route=\/wp\/v2\/media\/4595"}],"wp:attachment":[{"href":"https:\/\/csmbadajoz.es\/index.php?rest_route=%2Fwp%2Fv2%2Fmedia&parent=4556"}],"wp:term":[{"taxonomy":"category","embeddable":true,"href":"https:\/\/csmbadajoz.es\/index.php?rest_route=%2Fwp%2Fv2%2Fcategories&post=4556"},{"taxonomy":"post_tag","embeddable":true,"href":"https:\/\/csmbadajoz.es\/index.php?rest_route=%2Fwp%2Fv2%2Ftags&post=4556"}],"curies":[{"name":"wp","href":"https:\/\/api.w.org\/{rel}","templated":true}]}}