{"id":11256,"date":"2026-09-05T12:49:31","date_gmt":"2026-09-05T10:49:31","guid":{"rendered":"https:\/\/csmbadajoz.es\/?p=11256"},"modified":"2026-09-05T12:56:05","modified_gmt":"2026-09-05T10:56:05","slug":"la-noche-en-blanco-2026-en-el-csmb","status":"publish","type":"post","link":"https:\/\/csmbadajoz.es\/?p=11256","title":{"rendered":"La Noche en Blanco 2026 en el CSMB"},"content":{"rendered":"\n<p class=\"wp-block-paragraph\">S\u00e1bado, 5 de septiembre de 2026<\/p>\n\n\n\n<p class=\"wp-block-paragraph\">Dentro de las actividades de La Noche en Blanco 2026, el Conservatorio Superior de M\u00fasica de Badajoz \u00abBonifacio Gil\u00bb ofrece una serie de micro-conciertos cada media hora desde las 22:30 hasta las 02:30.<\/p>\n\n\n\n<p class=\"wp-block-paragraph\"><a href=\"https:\/\/csmbadajoz.es\/?page_id=96\" data-type=\"page\" data-id=\"96\"><strong>M\u00e1s informaci\u00f3n: el centro (informaciones, historia&#8230;)<\/strong><\/a><\/p>\n\n\n\n<h3 class=\"wp-block-heading\">Programa<\/h3>\n\n\n\n<p class=\"wp-block-paragraph\"><strong>22:30 PERCUSI\u00d3N<\/strong><br>\u25cf Sevilla &#8211; I. \u00c1lbeniz<br>\u25cf Nightclub 1960 &#8211; A. Piazzolla<br>David Corzo &#8211; percusi\u00f3n<br>Jesus David Valero &#8211; percusi\u00f3n<\/p>\n\n\n\n<p class=\"wp-block-paragraph\"><strong>23:00 SOPRANO Y PIANO<\/strong><br>\u25cf \u00abUn tiempo fue\u00bb Romanza de la zarzuela Jugar con fuego &#8211; F.A. Barbieri<br>\u25cf \u00abAy, yo me vi en el mundo\u00bb Romanza de la zarzuela El juramento &#8211; J. Gaztambide<br>Jara Garc\u00eda &#8211; soprano<br>Juan Fernando D\u00edaz &#8211; piano<\/p>\n\n\n\n<p class=\"wp-block-paragraph\"><strong>23:30 SOPRANO Y PIANO<\/strong><br>\u25cf \u00abQuel guardo il cavaliere\u00bb aria de la \u00f3pera Don Pasquale &#8211; G. Donizetti<br>\u25cf \u201cJe veux vivre\u201d aria de la \u00f3pera Rom\u00e9o et Juliette &#8211; C. Gounod<br>Jara Garc\u00eda &#8211; soprano<br>Juan Fernando D\u00edaz &#8211; piano<\/p>\n\n\n\n<p class=\"wp-block-paragraph\"><strong>00:00 PIANO<\/strong><br>\u25cf Miroirs &#8211; M. Ravel<br>1. Noctuelles<br>2. Oiseaux tristes<br>3. Alborada del gracioso<br>Juan Pedro Gal\u00e1n &#8211; piano<\/p>\n\n\n\n<ol class=\"wp-block-list\"><\/ol>\n\n\n\n<p class=\"wp-block-paragraph\"><strong>00:30 PIANO<\/strong><br>\u25cf Balada op. 47 n\u00ba3 en Lab mayor &#8211; F. Chopin<br>Juan Pedro Gal\u00e1n &#8211; piano<\/p>\n\n\n\n<p class=\"wp-block-paragraph\"><strong>01:00 PERCUSI\u00d3N<\/strong><br>\u25cf Sevilla &#8211; I. \u00c1lbeniz<br>\u25cf Nightclub 1960 &#8211; A. Piazzolla<br>David Corzo &#8211; percusi\u00f3n<br>Jesus David Valero &#8211; percusi\u00f3n<\/p>\n\n\n\n<p class=\"wp-block-paragraph\"><strong>01:30 PERCUSI\u00d3N<\/strong><br>\u25cf Sevilla &#8211; I. \u00c1lbeniz<br>\u25cf Nightclub 1960 &#8211; A. Piazzolla<br>David Corzo &#8211; percusi\u00f3n<br>Jesus David Valero &#8211; percusi\u00f3n<\/p>\n\n\n\n<p class=\"wp-block-paragraph\"><strong>02:00 PIANO Y PERCUSI\u00d3N<\/strong><br>\u25cf L&#8217;Intermezzo de I Pagliacci &#8211; R. Leoncavallo<br>Juan Fernando D\u00edaz &#8211; piano<br>\u25cf Concerto pour Vibraphone et cordes &#8211; E. S\u00e9journ\u00e9<br>Jesus David Valero &#8211; percusi\u00f3n<br>Juan Fernando D\u00edaz &#8211; piano<\/p>\n\n\n\n<p class=\"wp-block-paragraph\"><\/p>\n","protected":false},"excerpt":{"rendered":"<p>S\u00e1bado, 5 de septiembre de 2026 Dentro de las actividades de La Noche en Blanco 2026, el Conservatorio Superior de M\u00fasica de Badajoz \u00abBonifacio Gil\u00bb ofrece una serie de micro-conciertos cada media hora desde las 22:30 hasta las 02:30. M\u00e1s informaci\u00f3n: el centro (informaciones, historia&#8230;) Programa 22:30 PERCUSI\u00d3N\u25cf Sevilla &#8211; I. \u00c1lbeniz\u25cf Nightclub 1960 &#8211; [&hellip;]<\/p>\n","protected":false},"author":1,"featured_media":11259,"comment_status":"closed","ping_status":"closed","sticky":false,"template":"","format":"standard","meta":{"inline_featured_image":false,"footnotes":""},"categories":[1],"tags":[],"class_list":["post-11256","post","type-post","status-publish","format-standard","has-post-thumbnail","hentry","category-todos"],"_links":{"self":[{"href":"https:\/\/csmbadajoz.es\/index.php?rest_route=\/wp\/v2\/posts\/11256","targetHints":{"allow":["GET"]}}],"collection":[{"href":"https:\/\/csmbadajoz.es\/index.php?rest_route=\/wp\/v2\/posts"}],"about":[{"href":"https:\/\/csmbadajoz.es\/index.php?rest_route=\/wp\/v2\/types\/post"}],"author":[{"embeddable":true,"href":"https:\/\/csmbadajoz.es\/index.php?rest_route=\/wp\/v2\/users\/1"}],"replies":[{"embeddable":true,"href":"https:\/\/csmbadajoz.es\/index.php?rest_route=%2Fwp%2Fv2%2Fcomments&post=11256"}],"version-history":[{"count":3,"href":"https:\/\/csmbadajoz.es\/index.php?rest_route=\/wp\/v2\/posts\/11256\/revisions"}],"predecessor-version":[{"id":11261,"href":"https:\/\/csmbadajoz.es\/index.php?rest_route=\/wp\/v2\/posts\/11256\/revisions\/11261"}],"wp:featuredmedia":[{"embeddable":true,"href":"https:\/\/csmbadajoz.es\/index.php?rest_route=\/wp\/v2\/media\/11259"}],"wp:attachment":[{"href":"https:\/\/csmbadajoz.es\/index.php?rest_route=%2Fwp%2Fv2%2Fmedia&parent=11256"}],"wp:term":[{"taxonomy":"category","embeddable":true,"href":"https:\/\/csmbadajoz.es\/index.php?rest_route=%2Fwp%2Fv2%2Fcategories&post=11256"},{"taxonomy":"post_tag","embeddable":true,"href":"https:\/\/csmbadajoz.es\/index.php?rest_route=%2Fwp%2Fv2%2Ftags&post=11256"}],"curies":[{"name":"wp","href":"https:\/\/api.w.org\/{rel}","templated":true}]}}